{"id":2673,"date":"2024-10-22T11:19:56","date_gmt":"2024-10-22T09:19:56","guid":{"rendered":"https:\/\/lacroisiereverte.fr\/?p=2673"},"modified":"2024-10-22T15:08:52","modified_gmt":"2024-10-22T13:08:52","slug":"la-croisiere-verte-une-premiere-semaine-sur-les-traces-de-la-croisiere-noire","status":"publish","type":"post","link":"https:\/\/lacroisiereverte.fr\/index.php\/2024\/10\/22\/la-croisiere-verte-une-premiere-semaine-sur-les-traces-de-la-croisiere-noire\/","title":{"rendered":"La Croisi\u00e8re Verte, une premi\u00e8re semaine sur les traces de La Croisi\u00e8re Noire"},"content":{"rendered":"\t\t<div data-elementor-type=\"wp-post\" data-elementor-id=\"2673\" class=\"elementor elementor-2673\">\n\t\t\t\t<div class=\"elementor-element elementor-element-832da85 e-flex e-con-boxed e-con e-parent\" data-id=\"832da85\" data-element_type=\"container\" data-e-type=\"container\">\n\t\t\t\t\t<div class=\"e-con-inner\">\n\t\t\t\t<div class=\"elementor-element elementor-element-fce7ecd elementor-widget elementor-widget-image\" data-id=\"fce7ecd\" data-element_type=\"widget\" data-e-type=\"widget\" data-widget_type=\"image.default\">\n\t\t\t\t<div class=\"elementor-widget-container\">\n\t\t\t\t\t\t\t\t\t\t\t\t\t\t\t<img fetchpriority=\"high\" decoding=\"async\" width=\"1024\" height=\"682\" src=\"https:\/\/lacroisiereverte.fr\/wp-content\/uploads\/2024\/10\/WhatsApp-Image-2024-10-22-a-11.17.26_e157d1e5-1024x682.jpg\" class=\"attachment-large size-large wp-image-2704\" alt=\"\" srcset=\"https:\/\/lacroisiereverte.fr\/wp-content\/uploads\/2024\/10\/WhatsApp-Image-2024-10-22-a-11.17.26_e157d1e5-1024x682.jpg 1024w, https:\/\/lacroisiereverte.fr\/wp-content\/uploads\/2024\/10\/WhatsApp-Image-2024-10-22-a-11.17.26_e157d1e5-300x200.jpg 300w, https:\/\/lacroisiereverte.fr\/wp-content\/uploads\/2024\/10\/WhatsApp-Image-2024-10-22-a-11.17.26_e157d1e5-768x512.jpg 768w, https:\/\/lacroisiereverte.fr\/wp-content\/uploads\/2024\/10\/WhatsApp-Image-2024-10-22-a-11.17.26_e157d1e5-1536x1023.jpg 1536w, https:\/\/lacroisiereverte.fr\/wp-content\/uploads\/2024\/10\/WhatsApp-Image-2024-10-22-a-11.17.26_e157d1e5.jpg 1600w\" sizes=\"(max-width: 1024px) 100vw, 1024px\" \/>\t\t\t\t\t\t\t\t\t\t\t\t\t\t\t<\/div>\n\t\t\t\t<\/div>\n\t\t\t\t<div class=\"elementor-element elementor-element-d2fbc35 elementor-widget elementor-widget-text-editor\" data-id=\"d2fbc35\" data-element_type=\"widget\" data-e-type=\"widget\" data-widget_type=\"text-editor.default\">\n\t\t\t\t<div class=\"elementor-widget-container\">\n\t\t\t\t\t\t\t\t\t<h4><strong>Apr\u00e8s le d\u00e9part symbolique du Mondial de l&rsquo;Auto, \u00e0 Paris, l&rsquo;\u00e9quipe de La Croisi\u00e8re Verte a parcouru la France, sur les traces de La Croisi\u00e8re Noire, initi\u00e9e par Andr\u00e9 Citro\u00ebn, il y a 100 ans.<\/strong><\/h4><p>Ce mercredi 16 octobre 2024, \u00c9ric, Maarten, Antonia et Alexandre ont pris le d\u00e9part symbolique de l&rsquo;exp\u00e9dition La Croisi\u00e8re Verte. Une exp\u00e9dition qui les m\u00e8nera jusqu&rsquo;au Cap, en Afrique du Sud, apr\u00e8s 14 000km sur le continent africain.<\/p>\t\t\t\t\t\t\t\t<\/div>\n\t\t\t\t<\/div>\n\t\t\t\t\t<\/div>\n\t\t\t\t<\/div>\n\t\t<div class=\"elementor-element elementor-element-573115c e-flex e-con-boxed e-con e-parent\" data-id=\"573115c\" data-element_type=\"container\" data-e-type=\"container\">\n\t\t\t\t\t<div class=\"e-con-inner\">\n\t\t\t\t<div class=\"elementor-element elementor-element-d50c49c elementor-widget elementor-widget-text-editor\" data-id=\"d50c49c\" data-element_type=\"widget\" data-e-type=\"widget\" data-widget_type=\"text-editor.default\">\n\t\t\t\t<div class=\"elementor-widget-container\">\n\t\t\t\t\t\t\t\t\t<h5>La Croisi\u00e8re Verte de passage \u00e0 THE EXTRA MILE by EQUIP AUTO<\/h5>\t\t\t\t\t\t\t\t<\/div>\n\t\t\t\t<\/div>\n\t\t\t\t\t<\/div>\n\t\t\t\t<\/div>\n\t\t<div class=\"elementor-element elementor-element-f1e89e4 e-flex e-con-boxed e-con e-parent\" data-id=\"f1e89e4\" data-element_type=\"container\" data-e-type=\"container\">\n\t\t\t\t\t<div class=\"e-con-inner\">\n\t\t\t\t<div class=\"elementor-element elementor-element-054647e elementor-widget elementor-widget-image\" data-id=\"054647e\" data-element_type=\"widget\" data-e-type=\"widget\" data-widget_type=\"image.default\">\n\t\t\t\t<div class=\"elementor-widget-container\">\n\t\t\t\t\t\t\t\t\t\t\t\t\t\t\t<img decoding=\"async\" width=\"1024\" height=\"682\" src=\"https:\/\/lacroisiereverte.fr\/wp-content\/uploads\/2024\/10\/WhatsApp-Image-2024-10-21-a-16.25.14_873e35bc-1024x682.jpg\" class=\"attachment-large size-large wp-image-2686\" alt=\"\" srcset=\"https:\/\/lacroisiereverte.fr\/wp-content\/uploads\/2024\/10\/WhatsApp-Image-2024-10-21-a-16.25.14_873e35bc-1024x682.jpg 1024w, https:\/\/lacroisiereverte.fr\/wp-content\/uploads\/2024\/10\/WhatsApp-Image-2024-10-21-a-16.25.14_873e35bc-300x200.jpg 300w, https:\/\/lacroisiereverte.fr\/wp-content\/uploads\/2024\/10\/WhatsApp-Image-2024-10-21-a-16.25.14_873e35bc-768x512.jpg 768w, https:\/\/lacroisiereverte.fr\/wp-content\/uploads\/2024\/10\/WhatsApp-Image-2024-10-21-a-16.25.14_873e35bc-1536x1023.jpg 1536w, https:\/\/lacroisiereverte.fr\/wp-content\/uploads\/2024\/10\/WhatsApp-Image-2024-10-21-a-16.25.14_873e35bc.jpg 1600w\" sizes=\"(max-width: 1024px) 100vw, 1024px\" \/>\t\t\t\t\t\t\t\t\t\t\t\t\t\t\t<\/div>\n\t\t\t\t<\/div>\n\t\t\t\t\t<\/div>\n\t\t\t\t<\/div>\n\t\t<div class=\"elementor-element elementor-element-1695cb8 e-flex e-con-boxed e-con e-parent\" data-id=\"1695cb8\" data-element_type=\"container\" data-e-type=\"container\">\n\t\t\t\t\t<div class=\"e-con-inner\">\n\t\t\t\t<div class=\"elementor-element elementor-element-bd841ce elementor-widget elementor-widget-text-editor\" data-id=\"bd841ce\" data-element_type=\"widget\" data-e-type=\"widget\" data-widget_type=\"text-editor.default\">\n\t\t\t\t<div class=\"elementor-widget-container\">\n\t\t\t\t\t\t\t\t\t<p>Le premier arr\u00eat de l&rsquo;\u00e9quipe de La Croisi\u00e8re Verte s&rsquo;est organis\u00e9 lors de l&rsquo;\u00e9v\u00e8nement THE EXTRA MILE by EQUIP AUTO,<span style=\"text-align: var(--text-align); background-color: var(--theme-palette-color-6); color: var(--theme-text-color); font-family: var(--theme-font-family); font-size: var(--theme-font-size); font-style: var(--theme-font-style, inherit); font-variant-ligatures: inherit; font-variant-caps: inherit; font-weight: var(--theme-font-weight); letter-spacing: var(--theme-letter-spacing); text-transform: var(--theme-text-transform);\">\u00a0partenaire de l&rsquo;exp\u00e9dition.<\/span><span style=\"text-align: var(--text-align); background-color: var(--theme-palette-color-6); color: var(--theme-text-color); font-family: var(--theme-font-family); font-size: var(--theme-font-size); font-style: var(--theme-font-style, inherit); font-variant-ligatures: inherit; font-variant-caps: inherit; font-weight: var(--theme-font-weight); letter-spacing: var(--theme-letter-spacing); text-transform: var(--theme-text-transform);\">\u00a0<\/span><\/p><p>L&rsquo;occasion pour \u00c9ric Vigouroux de partager plus en d\u00e9tails les objectifs de l&rsquo;exp\u00e9dition avant de poursuivre leur route.<\/p>\t\t\t\t\t\t\t\t<\/div>\n\t\t\t\t<\/div>\n\t\t\t\t\t<\/div>\n\t\t\t\t<\/div>\n\t\t<div class=\"elementor-element elementor-element-58685f1 e-flex e-con-boxed e-con e-parent\" data-id=\"58685f1\" data-element_type=\"container\" data-e-type=\"container\">\n\t\t\t\t\t<div class=\"e-con-inner\">\n\t\t\t\t<div class=\"elementor-element elementor-element-e4f59dd elementor-widget elementor-widget-text-editor\" data-id=\"e4f59dd\" data-element_type=\"widget\" data-e-type=\"widget\" data-widget_type=\"text-editor.default\">\n\t\t\t\t<div class=\"elementor-widget-container\">\n\t\t\t\t\t\t\t\t\t<h5>Un parcours symbolique en France<\/h5>\t\t\t\t\t\t\t\t<\/div>\n\t\t\t\t<\/div>\n\t\t\t\t\t<\/div>\n\t\t\t\t<\/div>\n\t\t<div class=\"elementor-element elementor-element-f1e1a1a e-flex e-con-boxed e-con e-parent\" data-id=\"f1e1a1a\" data-element_type=\"container\" data-e-type=\"container\">\n\t\t\t\t\t<div class=\"e-con-inner\">\n\t\t\t\t<div class=\"elementor-element elementor-element-2be84ff elementor-widget elementor-widget-image\" data-id=\"2be84ff\" data-element_type=\"widget\" data-e-type=\"widget\" data-widget_type=\"image.default\">\n\t\t\t\t<div class=\"elementor-widget-container\">\n\t\t\t\t\t\t\t\t\t\t\t\t\t\t\t<img decoding=\"async\" width=\"1024\" height=\"682\" src=\"https:\/\/lacroisiereverte.fr\/wp-content\/uploads\/2024\/10\/WhatsApp-Image-2024-10-22-a-11.19.52_50ffe354-1024x682.jpg\" class=\"attachment-large size-large wp-image-2705\" alt=\"\" srcset=\"https:\/\/lacroisiereverte.fr\/wp-content\/uploads\/2024\/10\/WhatsApp-Image-2024-10-22-a-11.19.52_50ffe354-1024x682.jpg 1024w, https:\/\/lacroisiereverte.fr\/wp-content\/uploads\/2024\/10\/WhatsApp-Image-2024-10-22-a-11.19.52_50ffe354-300x200.jpg 300w, https:\/\/lacroisiereverte.fr\/wp-content\/uploads\/2024\/10\/WhatsApp-Image-2024-10-22-a-11.19.52_50ffe354-768x512.jpg 768w, https:\/\/lacroisiereverte.fr\/wp-content\/uploads\/2024\/10\/WhatsApp-Image-2024-10-22-a-11.19.52_50ffe354-1536x1023.jpg 1536w, https:\/\/lacroisiereverte.fr\/wp-content\/uploads\/2024\/10\/WhatsApp-Image-2024-10-22-a-11.19.52_50ffe354.jpg 1600w\" sizes=\"(max-width: 1024px) 100vw, 1024px\" \/>\t\t\t\t\t\t\t\t\t\t\t\t\t\t\t<\/div>\n\t\t\t\t<\/div>\n\t\t\t\t\t<\/div>\n\t\t\t\t<\/div>\n\t\t<div class=\"elementor-element elementor-element-3fdac1b e-flex e-con-boxed e-con e-parent\" data-id=\"3fdac1b\" data-element_type=\"container\" data-e-type=\"container\">\n\t\t\t\t\t<div class=\"e-con-inner\">\n\t\t\t\t<div class=\"elementor-element elementor-element-6452b42 elementor-widget elementor-widget-text-editor\" data-id=\"6452b42\" data-element_type=\"widget\" data-e-type=\"widget\" data-widget_type=\"text-editor.default\">\n\t\t\t\t<div class=\"elementor-widget-container\">\n\t\t\t\t\t\t\t\t\t<p>Avant le d\u00e9part officiel, pr\u00e9vu le 28 octobre 2024, \u00e0 Ouarzazate, au Maroc, \u00c9ric et son \u00e9quipe ont travers\u00e9 la France. Au programme, des arr\u00eats pr\u00e9vus chez plusieurs agents du Groupement National des Agents Citro\u00ebn (GNAC) et des \u00e9tapes symboliques pour les membres de l&rsquo;exp\u00e9dition. Lempdes, Le Puy-en-Velay, terre natale d&rsquo;\u00c9ric Vigouroux, mais aussi Saint-Urcize, Meyrueis ou encore Lunel. \u00c0 chacun de ses arr\u00eats, l&rsquo;occasion pour toute l&rsquo;\u00e9quipe de partager l&rsquo;histoire de La Croisi\u00e8re Verte.<\/p>\t\t\t\t\t\t\t\t<\/div>\n\t\t\t\t<\/div>\n\t\t\t\t\t<\/div>\n\t\t\t\t<\/div>\n\t\t<div class=\"elementor-element elementor-element-d0ac40f e-flex e-con-boxed e-con e-parent\" data-id=\"d0ac40f\" data-element_type=\"container\" data-e-type=\"container\">\n\t\t\t\t\t<div class=\"e-con-inner\">\n\t\t\t\t<div class=\"elementor-element elementor-element-1d6d0b7 elementor-widget elementor-widget-text-editor\" data-id=\"1d6d0b7\" data-element_type=\"widget\" data-e-type=\"widget\" data-widget_type=\"text-editor.default\">\n\t\t\t\t<div class=\"elementor-widget-container\">\n\t\t\t\t\t\t\t\t\t<h5>Rendez-vous \u00e0 Lempdes chez David Paulin, agent Citro\u00ebn<\/h5>\t\t\t\t\t\t\t\t<\/div>\n\t\t\t\t<\/div>\n\t\t\t\t\t<\/div>\n\t\t\t\t<\/div>\n\t\t<div class=\"elementor-element elementor-element-d388c72 e-flex e-con-boxed e-con e-parent\" data-id=\"d388c72\" data-element_type=\"container\" data-e-type=\"container\">\n\t\t\t\t\t<div class=\"e-con-inner\">\n\t\t\t\t<div class=\"elementor-element elementor-element-1f6821b elementor-widget elementor-widget-image\" data-id=\"1f6821b\" data-element_type=\"widget\" data-e-type=\"widget\" data-widget_type=\"image.default\">\n\t\t\t\t<div class=\"elementor-widget-container\">\n\t\t\t\t\t\t\t\t\t\t\t\t<figure class=\"wp-caption\">\n\t\t\t\t\t\t\t\t\t\t<img loading=\"lazy\" decoding=\"async\" width=\"1024\" height=\"768\" src=\"https:\/\/lacroisiereverte.fr\/wp-content\/uploads\/2024\/10\/WhatsApp-Image-2024-10-17-a-15.23.42_468c1818-1024x768.jpg\" class=\"attachment-large size-large wp-image-2677\" alt=\"\" srcset=\"https:\/\/lacroisiereverte.fr\/wp-content\/uploads\/2024\/10\/WhatsApp-Image-2024-10-17-a-15.23.42_468c1818-1024x768.jpg 1024w, https:\/\/lacroisiereverte.fr\/wp-content\/uploads\/2024\/10\/WhatsApp-Image-2024-10-17-a-15.23.42_468c1818-300x225.jpg 300w, https:\/\/lacroisiereverte.fr\/wp-content\/uploads\/2024\/10\/WhatsApp-Image-2024-10-17-a-15.23.42_468c1818-768x576.jpg 768w, https:\/\/lacroisiereverte.fr\/wp-content\/uploads\/2024\/10\/WhatsApp-Image-2024-10-17-a-15.23.42_468c1818-1536x1152.jpg 1536w, https:\/\/lacroisiereverte.fr\/wp-content\/uploads\/2024\/10\/WhatsApp-Image-2024-10-17-a-15.23.42_468c1818-2048x1536.jpg 2048w\" sizes=\"(max-width: 1024px) 100vw, 1024px\" \/>\t\t\t\t\t\t\t\t\t\t\t<figcaption class=\"widget-image-caption wp-caption-text\">Antonia de Roissard, Maarten van Pel, \u00c9ric Vigouroux et Alexandre Winocq<\/figcaption>\n\t\t\t\t\t\t\t\t\t\t<\/figure>\n\t\t\t\t\t\t\t\t\t<\/div>\n\t\t\t\t<\/div>\n\t\t\t\t\t<\/div>\n\t\t\t\t<\/div>\n\t\t<div class=\"elementor-element elementor-element-881ba30 e-flex e-con-boxed e-con e-parent\" data-id=\"881ba30\" data-element_type=\"container\" data-e-type=\"container\">\n\t\t\t\t\t<div class=\"e-con-inner\">\n\t\t\t\t<div class=\"elementor-element elementor-element-3eb00a4 elementor-widget elementor-widget-text-editor\" data-id=\"3eb00a4\" data-element_type=\"widget\" data-e-type=\"widget\" data-widget_type=\"text-editor.default\">\n\t\t\t\t<div class=\"elementor-widget-container\">\n\t\t\t\t\t\t\t\t\t<p>Dans la travers\u00e9e de la France, \u00c9ric et son \u00e9quipe marqueront des arr\u00eats chez diff\u00e9rents agents du Groupement National des Agents Citro\u00ebn (GNAC).<\/p><p>Le premier d&rsquo;entre eux \u00e9tait David Paulin, agent Citro\u00ebn \u00e0 Lempdes, qui a chaleureusement accueilli l&rsquo;\u00e9quipe.<\/p>\t\t\t\t\t\t\t\t<\/div>\n\t\t\t\t<\/div>\n\t\t\t\t\t<\/div>\n\t\t\t\t<\/div>\n\t\t<div class=\"elementor-element elementor-element-d6e3557 e-flex e-con-boxed e-con e-parent\" data-id=\"d6e3557\" data-element_type=\"container\" data-e-type=\"container\">\n\t\t\t\t\t<div class=\"e-con-inner\">\n\t\t\t\t<div class=\"elementor-element elementor-element-f90b5a9 elementor-widget elementor-widget-text-editor\" data-id=\"f90b5a9\" data-element_type=\"widget\" data-e-type=\"widget\" data-widget_type=\"text-editor.default\">\n\t\t\t\t<div class=\"elementor-widget-container\">\n\t\t\t\t\t\t\t\t\t<h5>Direction Saint-Urcize pour un hommage \u00e0 Ren\u00e9 Metge<\/h5>\t\t\t\t\t\t\t\t<\/div>\n\t\t\t\t<\/div>\n\t\t\t\t\t<\/div>\n\t\t\t\t<\/div>\n\t\t<div class=\"elementor-element elementor-element-d42a357 e-flex e-con-boxed e-con e-parent\" data-id=\"d42a357\" data-element_type=\"container\" data-e-type=\"container\">\n\t\t\t\t\t<div class=\"e-con-inner\">\n\t\t\t\t<div class=\"elementor-element elementor-element-f8b8dc8 elementor-widget elementor-widget-image\" data-id=\"f8b8dc8\" data-element_type=\"widget\" data-e-type=\"widget\" data-widget_type=\"image.default\">\n\t\t\t\t<div class=\"elementor-widget-container\">\n\t\t\t\t\t\t\t\t\t\t\t\t<figure class=\"wp-caption\">\n\t\t\t\t\t\t\t\t\t\t<img loading=\"lazy\" decoding=\"async\" width=\"1024\" height=\"768\" src=\"https:\/\/lacroisiereverte.fr\/wp-content\/uploads\/2024\/10\/WhatsApp-Image-2024-10-19-a-10.16.24_5a854b85-1024x768.jpg\" class=\"attachment-large size-large wp-image-2678\" alt=\"\" srcset=\"https:\/\/lacroisiereverte.fr\/wp-content\/uploads\/2024\/10\/WhatsApp-Image-2024-10-19-a-10.16.24_5a854b85-1024x768.jpg 1024w, https:\/\/lacroisiereverte.fr\/wp-content\/uploads\/2024\/10\/WhatsApp-Image-2024-10-19-a-10.16.24_5a854b85-300x225.jpg 300w, https:\/\/lacroisiereverte.fr\/wp-content\/uploads\/2024\/10\/WhatsApp-Image-2024-10-19-a-10.16.24_5a854b85-768x576.jpg 768w, https:\/\/lacroisiereverte.fr\/wp-content\/uploads\/2024\/10\/WhatsApp-Image-2024-10-19-a-10.16.24_5a854b85-1536x1152.jpg 1536w, https:\/\/lacroisiereverte.fr\/wp-content\/uploads\/2024\/10\/WhatsApp-Image-2024-10-19-a-10.16.24_5a854b85.jpg 1600w\" sizes=\"(max-width: 1024px) 100vw, 1024px\" \/>\t\t\t\t\t\t\t\t\t\t\t<figcaption class=\"widget-image-caption wp-caption-text\">\u00c9ric Vigouroux, \u00c9lodie Metge et Jonathan Metge<\/figcaption>\n\t\t\t\t\t\t\t\t\t\t<\/figure>\n\t\t\t\t\t\t\t\t\t<\/div>\n\t\t\t\t<\/div>\n\t\t\t\t\t<\/div>\n\t\t\t\t<\/div>\n\t\t<div class=\"elementor-element elementor-element-c9e0f54 e-flex e-con-boxed e-con e-parent\" data-id=\"c9e0f54\" data-element_type=\"container\" data-e-type=\"container\">\n\t\t\t\t\t<div class=\"e-con-inner\">\n\t\t\t\t<div class=\"elementor-element elementor-element-57ac641 elementor-widget elementor-widget-text-editor\" data-id=\"57ac641\" data-element_type=\"widget\" data-e-type=\"widget\" data-widget_type=\"text-editor.default\">\n\t\t\t\t<div class=\"elementor-widget-container\">\n\t\t\t\t\t\t\t\t\t<p>Sur le chemin, prendre le temps de rendre hommage \u00e0 Ren\u00e9 Metge, ami et mentor d&rsquo;<span style=\"text-align: var(--text-align); background-color: var(--theme-palette-color-6); color: var(--theme-text-color); font-family: var(--theme-font-family); font-size: var(--theme-font-size); font-style: var(--theme-font-style, inherit); font-variant-ligatures: inherit; font-variant-caps: inherit; font-weight: var(--theme-font-weight); letter-spacing: var(--theme-letter-spacing); text-transform: var(--theme-text-transform);\">\u00c9ric<\/span><span style=\"text-align: var(--text-align); background-color: var(--theme-palette-color-6); color: var(--theme-text-color); font-family: var(--theme-font-family); font-size: var(--theme-font-size); font-style: var(--theme-font-style, inherit); font-variant-ligatures: inherit; font-variant-caps: inherit; font-weight: var(--theme-font-weight); letter-spacing: var(--theme-letter-spacing); text-transform: var(--theme-text-transform);\">&nbsp;Vigouroux \u00e9tait un moment \u00e9mouvant.<\/span><\/p>\n<p><span style=\"font-family: inherit; font-size: inherit; font-style: inherit; font-variant-ligatures: inherit; font-variant-caps: inherit; font-weight: inherit; text-align: var(--text-align); background-color: var(--theme-palette-color-6); color: var(--theme-text-color); letter-spacing: var(--theme-letter-spacing); text-transform: var(--theme-text-transform);\">C&rsquo;est \u00e0 Saint-Urcize, o\u00f9 repose Ren\u00e9 Metge, disparu en janvier que s<\/span><span style=\"font-family: inherit; font-size: inherit; font-style: inherit; font-variant-ligatures: inherit; font-variant-caps: inherit; font-weight: inherit; text-align: var(--text-align); background-color: var(--theme-palette-color-6); color: var(--theme-text-color); letter-spacing: var(--theme-letter-spacing); text-transform: var(--theme-text-transform);\">es enfants \u00c9lodie et Jonathan ont accueilli l&rsquo;ensemble de l&rsquo;\u00e9quipe et partag\u00e9 un moment privil\u00e9gi\u00e9. Tous les membres de La Croisi\u00e8re Verte ont tenu \u00e0 t\u00e9moigner leur amiti\u00e9 \u00e0 Ren\u00e9 qui, au-del\u00e0 d&rsquo;\u00eatre une l\u00e9gende du Paris Dakar, a aussi \u00e9t\u00e9 l&rsquo;organisateur d&rsquo;\u00e9preuves de rallyes raid mythiques. C&rsquo;est d&rsquo;ailleurs lui qui a tout appris et donn\u00e9 ce go\u00fbt de l&rsquo;aventure \u00e0 Antonia, Alex et&nbsp;<\/span><span style=\"text-align: var(--text-align); background-color: var(--theme-palette-color-6); color: var(--theme-text-color); font-family: var(--theme-font-family); font-size: var(--theme-font-size); font-style: var(--theme-font-style, inherit); font-variant-ligatures: inherit; font-variant-caps: inherit; font-weight: var(--theme-font-weight); letter-spacing: var(--theme-letter-spacing); text-transform: var(--theme-text-transform);\">\u00c9ric<\/span><span style=\"background-color: var(--theme-palette-color-6); color: var(--theme-text-color); font-family: inherit; font-size: inherit; font-style: inherit; font-variant-ligatures: inherit; font-variant-caps: inherit; font-weight: inherit; letter-spacing: var(--theme-letter-spacing); text-align: var(--text-align); text-transform: var(--theme-text-transform);\">. Un h\u00e9ritage qui a tout son sens dans cette grande aventure en pr\u00e9paration depuis maintenant deux ans et \u00e0 laquelle Ren\u00e9 croyait.&nbsp;<\/span><\/p>\t\t\t\t\t\t\t\t<\/div>\n\t\t\t\t<\/div>\n\t\t\t\t\t<\/div>\n\t\t\t\t<\/div>\n\t\t<div class=\"elementor-element elementor-element-9a01430 e-flex e-con-boxed e-con e-parent\" data-id=\"9a01430\" data-element_type=\"container\" data-e-type=\"container\">\n\t\t\t\t\t<div class=\"e-con-inner\">\n\t\t\t\t<div class=\"elementor-element elementor-element-7e27c37 elementor-widget elementor-widget-text-editor\" data-id=\"7e27c37\" data-element_type=\"widget\" data-e-type=\"widget\" data-widget_type=\"text-editor.default\">\n\t\t\t\t<div class=\"elementor-widget-container\">\n\t\t\t\t\t\t\t\t\t<h5>Un lien fort avec l&rsquo;histoire, au garage Malafosse<\/h5>\t\t\t\t\t\t\t\t<\/div>\n\t\t\t\t<\/div>\n\t\t\t\t\t<\/div>\n\t\t\t\t<\/div>\n\t\t<div class=\"elementor-element elementor-element-042f57c e-flex e-con-boxed e-con e-parent\" data-id=\"042f57c\" data-element_type=\"container\" data-e-type=\"container\">\n\t\t\t\t\t<div class=\"e-con-inner\">\n\t\t\t\t<div class=\"elementor-element elementor-element-4341667 elementor-widget elementor-widget-image\" data-id=\"4341667\" data-element_type=\"widget\" data-e-type=\"widget\" data-widget_type=\"image.default\">\n\t\t\t\t<div class=\"elementor-widget-container\">\n\t\t\t\t\t\t\t\t\t\t\t\t<figure class=\"wp-caption\">\n\t\t\t\t\t\t\t\t\t\t<img loading=\"lazy\" decoding=\"async\" width=\"1024\" height=\"768\" src=\"https:\/\/lacroisiereverte.fr\/wp-content\/uploads\/2024\/10\/WhatsApp-Image-2024-10-19-a-16.13.39_2c18218c-1024x768.jpg\" class=\"attachment-large size-large wp-image-2679\" alt=\"\" srcset=\"https:\/\/lacroisiereverte.fr\/wp-content\/uploads\/2024\/10\/WhatsApp-Image-2024-10-19-a-16.13.39_2c18218c-1024x768.jpg 1024w, https:\/\/lacroisiereverte.fr\/wp-content\/uploads\/2024\/10\/WhatsApp-Image-2024-10-19-a-16.13.39_2c18218c-300x225.jpg 300w, https:\/\/lacroisiereverte.fr\/wp-content\/uploads\/2024\/10\/WhatsApp-Image-2024-10-19-a-16.13.39_2c18218c-768x576.jpg 768w, https:\/\/lacroisiereverte.fr\/wp-content\/uploads\/2024\/10\/WhatsApp-Image-2024-10-19-a-16.13.39_2c18218c-1536x1152.jpg 1536w, https:\/\/lacroisiereverte.fr\/wp-content\/uploads\/2024\/10\/WhatsApp-Image-2024-10-19-a-16.13.39_2c18218c-2048x1536.jpg 2048w\" sizes=\"(max-width: 1024px) 100vw, 1024px\" \/>\t\t\t\t\t\t\t\t\t\t\t<figcaption class=\"widget-image-caption wp-caption-text\">\u00c9ric Vigouroux, Henri-Jacques Citro\u00ebn, Alain Giraud, Pierre Giraud et Vincent Brunel<\/figcaption>\n\t\t\t\t\t\t\t\t\t\t<\/figure>\n\t\t\t\t\t\t\t\t\t<\/div>\n\t\t\t\t<\/div>\n\t\t\t\t\t<\/div>\n\t\t\t\t<\/div>\n\t\t<div class=\"elementor-element elementor-element-c11f9b7 e-flex e-con-boxed e-con e-parent\" data-id=\"c11f9b7\" data-element_type=\"container\" data-e-type=\"container\">\n\t\t\t\t\t<div class=\"e-con-inner\">\n\t\t\t\t<div class=\"elementor-element elementor-element-e3367fc elementor-widget elementor-widget-text-editor\" data-id=\"e3367fc\" data-element_type=\"widget\" data-e-type=\"widget\" data-widget_type=\"text-editor.default\">\n\t\t\t\t<div class=\"elementor-widget-container\">\n\t\t\t\t\t\t\t\t\t<p>Au garage Malafosse, \u00c9ric Vigouroux et son \u00e9quipe avaient rendez-vous avec l&rsquo;histoire.<\/p>\n<p>Un rendez-vous qu&rsquo;Henri-Jacques Citro\u00ebn, petit-fils d&rsquo;Andr\u00e9 Citro\u00ebn, ne pouvait pas manquer. Il y a 100 ans, les essais de La Croisi\u00e8re Noire avaient lieu dans ce m\u00eame garage. Et rien n&rsquo;a chang\u00e9, ou presque. L&rsquo;\u00e9quipe a \u00e9t\u00e9 accueillie par les fr\u00e8res Giraud, Alain et Pierre, propri\u00e9taires du garage, pour un instant hors du temps.<\/p>\t\t\t\t\t\t\t\t<\/div>\n\t\t\t\t<\/div>\n\t\t\t\t\t<\/div>\n\t\t\t\t<\/div>\n\t\t<div class=\"elementor-element elementor-element-63e8e48 e-flex e-con-boxed e-con e-parent\" data-id=\"63e8e48\" data-element_type=\"container\" data-e-type=\"container\">\n\t\t\t\t\t<div class=\"e-con-inner\">\n\t\t\t\t<div class=\"elementor-element elementor-element-def92cb elementor-widget elementor-widget-text-editor\" data-id=\"def92cb\" data-element_type=\"widget\" data-e-type=\"widget\" data-widget_type=\"text-editor.default\">\n\t\t\t\t<div class=\"elementor-widget-container\">\n\t\t\t\t\t\t\t\t\t<h5>Une \u00e9tape \u00e0 Lunel, chez Vincent et Thibaud Brunel, agents Citro\u00ebn<\/h5>\t\t\t\t\t\t\t\t<\/div>\n\t\t\t\t<\/div>\n\t\t\t\t\t<\/div>\n\t\t\t\t<\/div>\n\t\t<div class=\"elementor-element elementor-element-6e4ab5a e-flex e-con-boxed e-con e-parent\" data-id=\"6e4ab5a\" data-element_type=\"container\" data-e-type=\"container\">\n\t\t\t\t\t<div class=\"e-con-inner\">\n\t\t\t\t<div class=\"elementor-element elementor-element-03cd956 elementor-widget elementor-widget-image\" data-id=\"03cd956\" data-element_type=\"widget\" data-e-type=\"widget\" data-widget_type=\"image.default\">\n\t\t\t\t<div class=\"elementor-widget-container\">\n\t\t\t\t\t\t\t\t\t\t\t\t\t\t\t<img loading=\"lazy\" decoding=\"async\" width=\"1024\" height=\"768\" src=\"https:\/\/lacroisiereverte.fr\/wp-content\/uploads\/2024\/10\/WhatsApp-Image-2024-10-19-a-19.59.47_70cc6ce0-1-1024x768.jpg\" class=\"attachment-large size-large wp-image-2681\" alt=\"\" srcset=\"https:\/\/lacroisiereverte.fr\/wp-content\/uploads\/2024\/10\/WhatsApp-Image-2024-10-19-a-19.59.47_70cc6ce0-1-1024x768.jpg 1024w, https:\/\/lacroisiereverte.fr\/wp-content\/uploads\/2024\/10\/WhatsApp-Image-2024-10-19-a-19.59.47_70cc6ce0-1-300x225.jpg 300w, https:\/\/lacroisiereverte.fr\/wp-content\/uploads\/2024\/10\/WhatsApp-Image-2024-10-19-a-19.59.47_70cc6ce0-1-768x576.jpg 768w, https:\/\/lacroisiereverte.fr\/wp-content\/uploads\/2024\/10\/WhatsApp-Image-2024-10-19-a-19.59.47_70cc6ce0-1-1536x1152.jpg 1536w, https:\/\/lacroisiereverte.fr\/wp-content\/uploads\/2024\/10\/WhatsApp-Image-2024-10-19-a-19.59.47_70cc6ce0-1-2048x1536.jpg 2048w\" sizes=\"(max-width: 1024px) 100vw, 1024px\" \/>\t\t\t\t\t\t\t\t\t\t\t\t\t\t\t<\/div>\n\t\t\t\t<\/div>\n\t\t\t\t\t<\/div>\n\t\t\t\t<\/div>\n\t\t<div class=\"elementor-element elementor-element-f27268a e-flex e-con-boxed e-con e-parent\" data-id=\"f27268a\" data-element_type=\"container\" data-e-type=\"container\">\n\t\t\t\t\t<div class=\"e-con-inner\">\n\t\t\t\t<div class=\"elementor-element elementor-element-30c45fb elementor-widget elementor-widget-text-editor\" data-id=\"30c45fb\" data-element_type=\"widget\" data-e-type=\"widget\" data-widget_type=\"text-editor.default\">\n\t\t\t\t<div class=\"elementor-widget-container\">\n\t\t\t\t\t\t\t\t\t<p>Un moment festif pour l&rsquo;\u00e9quipe de La Croisi\u00e8re Verte.<\/p><p>Une escale au garage Brunel, l\u00e0 o\u00f9 Vincent et Thibaud Brunel, agents Citro\u00ebn, attendaient \u00c9ric et son \u00e9quipe. En pr\u00e9sence d&rsquo;Henri-Jacques Citro\u00ebn, le garage a f\u00eat\u00e9 ses 70 ans de partenariat avec la marque de la plus belle des mani\u00e8res. Un moment riche en \u00e9motions et de partage pour toute l&rsquo;\u00e9quipe.<\/p>\t\t\t\t\t\t\t\t<\/div>\n\t\t\t\t<\/div>\n\t\t\t\t\t<\/div>\n\t\t\t\t<\/div>\n\t\t<div class=\"elementor-element elementor-element-dd5fa6c e-flex e-con-boxed e-con e-parent\" data-id=\"dd5fa6c\" data-element_type=\"container\" data-e-type=\"container\">\n\t\t\t\t\t<div class=\"e-con-inner\">\n\t\t\t\t<div class=\"elementor-element elementor-element-5995485 elementor-widget elementor-widget-text-editor\" data-id=\"5995485\" data-element_type=\"widget\" data-e-type=\"widget\" data-widget_type=\"text-editor.default\">\n\t\t\t\t<div class=\"elementor-widget-container\">\n\t\t\t\t\t\t\t\t\t<h5>Vitrolles, derni\u00e8re \u00e9tape avant d&#8217;embarquer pour le Maroc<\/h5>\t\t\t\t\t\t\t\t<\/div>\n\t\t\t\t<\/div>\n\t\t\t\t\t<\/div>\n\t\t\t\t<\/div>\n\t\t<div class=\"elementor-element elementor-element-f612c0e e-flex e-con-boxed e-con e-parent\" data-id=\"f612c0e\" data-element_type=\"container\" data-e-type=\"container\">\n\t\t\t\t\t<div class=\"e-con-inner\">\n\t\t\t\t<div class=\"elementor-element elementor-element-d82450e elementor-widget elementor-widget-image\" data-id=\"d82450e\" data-element_type=\"widget\" data-e-type=\"widget\" data-widget_type=\"image.default\">\n\t\t\t\t<div class=\"elementor-widget-container\">\n\t\t\t\t\t\t\t\t\t\t\t\t\t\t\t<img loading=\"lazy\" decoding=\"async\" width=\"1024\" height=\"768\" src=\"https:\/\/lacroisiereverte.fr\/wp-content\/uploads\/2024\/10\/WhatsApp-Image-2024-10-21-a-20.26.25_0b8b039b-1024x768.jpg\" class=\"attachment-large size-large wp-image-2690\" alt=\"\" srcset=\"https:\/\/lacroisiereverte.fr\/wp-content\/uploads\/2024\/10\/WhatsApp-Image-2024-10-21-a-20.26.25_0b8b039b-1024x768.jpg 1024w, https:\/\/lacroisiereverte.fr\/wp-content\/uploads\/2024\/10\/WhatsApp-Image-2024-10-21-a-20.26.25_0b8b039b-300x225.jpg 300w, https:\/\/lacroisiereverte.fr\/wp-content\/uploads\/2024\/10\/WhatsApp-Image-2024-10-21-a-20.26.25_0b8b039b-768x576.jpg 768w, https:\/\/lacroisiereverte.fr\/wp-content\/uploads\/2024\/10\/WhatsApp-Image-2024-10-21-a-20.26.25_0b8b039b-1536x1152.jpg 1536w, https:\/\/lacroisiereverte.fr\/wp-content\/uploads\/2024\/10\/WhatsApp-Image-2024-10-21-a-20.26.25_0b8b039b.jpg 1600w\" sizes=\"(max-width: 1024px) 100vw, 1024px\" \/>\t\t\t\t\t\t\t\t\t\t\t\t\t\t\t<\/div>\n\t\t\t\t<\/div>\n\t\t\t\t\t<\/div>\n\t\t\t\t<\/div>\n\t\t<div class=\"elementor-element elementor-element-58d9e73 e-flex e-con-boxed e-con e-parent\" data-id=\"58d9e73\" data-element_type=\"container\" data-e-type=\"container\">\n\t\t\t\t\t<div class=\"e-con-inner\">\n\t\t\t\t<div class=\"elementor-element elementor-element-a6cc2aa elementor-widget elementor-widget-text-editor\" data-id=\"a6cc2aa\" data-element_type=\"widget\" data-e-type=\"widget\" data-widget_type=\"text-editor.default\">\n\t\t\t\t<div class=\"elementor-widget-container\">\n\t\t\t\t\t\t\t\t\t<p>Avant de prendre le bateau, \u00c9ric Vigouroux et son \u00e9quipe ont eu l&rsquo;immense plaisir d&rsquo;\u00eatre accueilli par Cyrille Hallier, agent Citro\u00ebn \u00e0 Vitrolles et Pr\u00e9sident de la direction r\u00e9gionale de Lyon.<\/p>\n<p>Un moment charg\u00e9 en \u00e9motions puisque c&rsquo;est la derni\u00e8re \u00e9tape de l&rsquo;\u00e9quipe en France avant de rejoindre le continent africain.<\/p>\t\t\t\t\t\t\t\t<\/div>\n\t\t\t\t<\/div>\n\t\t\t\t\t<\/div>\n\t\t\t\t<\/div>\n\t\t\t\t<\/div>\n\t\t","protected":false},"excerpt":{"rendered":"<p>Apr\u00e8s le d\u00e9part symbolique du Mondial de l&rsquo;Auto, \u00e0 Paris, l&rsquo;\u00e9quipe de La Croisi\u00e8re Verte a parcouru la France, sur les traces de La Croisi\u00e8re Noire, initi\u00e9e par Andr\u00e9 Citro\u00ebn, il y a 100 ans. Ce mercredi 16 octobre 2024, \u00c9ric, Maarten, Antonia et Alexandre ont pris le d\u00e9part symbolique de l&rsquo;exp\u00e9dition La Croisi\u00e8re Verte. [&hellip;]<\/p>\n","protected":false},"author":4,"featured_media":2709,"comment_status":"open","ping_status":"open","sticky":false,"template":"","format":"standard","meta":{"_jetpack_memberships_contains_paid_content":false,"footnotes":""},"categories":[41],"tags":[70,52,50,48,102,65],"class_list":["post-2673","post","type-post","status-publish","format-standard","has-post-thumbnail","hentry","category-la-croisiere-verte","tag-citroen","tag-citroen-ami","tag-electrique","tag-expedition","tag-la-croisiere-verte","tag-mobilite"],"blocksy_meta":[],"jetpack_featured_media_url":"https:\/\/lacroisiereverte.fr\/wp-content\/uploads\/2024\/10\/WhatsApp-Image-2024-10-22-a-11.17.26_e157d1e5-1.jpg","jetpack_sharing_enabled":true,"_links":{"self":[{"href":"https:\/\/lacroisiereverte.fr\/index.php\/wp-json\/wp\/v2\/posts\/2673","targetHints":{"allow":["GET"]}}],"collection":[{"href":"https:\/\/lacroisiereverte.fr\/index.php\/wp-json\/wp\/v2\/posts"}],"about":[{"href":"https:\/\/lacroisiereverte.fr\/index.php\/wp-json\/wp\/v2\/types\/post"}],"author":[{"embeddable":true,"href":"https:\/\/lacroisiereverte.fr\/index.php\/wp-json\/wp\/v2\/users\/4"}],"replies":[{"embeddable":true,"href":"https:\/\/lacroisiereverte.fr\/index.php\/wp-json\/wp\/v2\/comments?post=2673"}],"version-history":[{"count":25,"href":"https:\/\/lacroisiereverte.fr\/index.php\/wp-json\/wp\/v2\/posts\/2673\/revisions"}],"predecessor-version":[{"id":2717,"href":"https:\/\/lacroisiereverte.fr\/index.php\/wp-json\/wp\/v2\/posts\/2673\/revisions\/2717"}],"wp:featuredmedia":[{"embeddable":true,"href":"https:\/\/lacroisiereverte.fr\/index.php\/wp-json\/wp\/v2\/media\/2709"}],"wp:attachment":[{"href":"https:\/\/lacroisiereverte.fr\/index.php\/wp-json\/wp\/v2\/media?parent=2673"}],"wp:term":[{"taxonomy":"category","embeddable":true,"href":"https:\/\/lacroisiereverte.fr\/index.php\/wp-json\/wp\/v2\/categories?post=2673"},{"taxonomy":"post_tag","embeddable":true,"href":"https:\/\/lacroisiereverte.fr\/index.php\/wp-json\/wp\/v2\/tags?post=2673"}],"curies":[{"name":"wp","href":"https:\/\/api.w.org\/{rel}","templated":true}]}}